{"id":5827,"date":"2026-04-21T12:00:20","date_gmt":"2026-04-21T12:00:20","guid":{"rendered":"https:\/\/site.univ-yaounde2.org\/?p=5827"},"modified":"2026-04-21T12:48:06","modified_gmt":"2026-04-21T12:48:06","slug":"appel-a-candidature-webinaire-les-collectivites-territoriales-decentralisees-et-la-gestion-des-activites-minieres","status":"publish","type":"post","link":"https:\/\/site.univ-yaounde2.org\/index.php\/2026\/04\/21\/appel-a-candidature-webinaire-les-collectivites-territoriales-decentralisees-et-la-gestion-des-activites-minieres\/","title":{"rendered":"APPEL A CANDIDATURE WEBINAIRE : LES COLLECTIVITES TERRITORIALES DECENTRALISEES ET LA GESTION DES ACTIVITES MINIERES"},"content":{"rendered":"\n<style type=\"text\/css\" data-created_by=\"avia_inline_auto\" id=\"style-css-av-mo8kc1u0-c4caeb6f7374631e07b252dad3bf46ab\">\n#top .av-special-heading.av-mo8kc1u0-c4caeb6f7374631e07b252dad3bf46ab{\npadding-bottom:10px;\n}\nbody .av-special-heading.av-mo8kc1u0-c4caeb6f7374631e07b252dad3bf46ab .av-special-heading-tag .heading-char{\nfont-size:25px;\n}\n.av-special-heading.av-mo8kc1u0-c4caeb6f7374631e07b252dad3bf46ab .av-subheading{\nfont-size:15px;\n}\n<\/style>\n<div  class='av-special-heading av-mo8kc1u0-c4caeb6f7374631e07b252dad3bf46ab av-special-heading-h3  avia-builder-el-0  el_before_av_one_full  avia-builder-el-first '><h3 class='av-special-heading-tag'  itemprop=\"headline\"  >APPEL A CANDIDATURE WEBINAIRE : LES COLLECTIVITES TERRITORIALES DECENTRALISEES ET LA GESTION DES ACTIVITES MINIERES<\/h3><div class=\"special-heading-border\"><div class=\"special-heading-inner-border\"><\/div><\/div><\/div>\n<div  class='flex_column av-39qt37-26f05881e5dcbf1790bb445a5817a749 av_one_full  avia-builder-el-1  el_after_av_heading  avia-builder-el-last  first flex_column_div  '     ><style type=\"text\/css\" data-created_by=\"avia_inline_auto\" id=\"style-css-av-mo8ki502-1d033bb359317115c296f7db531fa523\">\n#top .av_textblock_section.av-mo8ki502-1d033bb359317115c296f7db531fa523 .avia_textblock{\nfont-size:14px;\ntext-align:justify;\n}\n<\/style>\n<section  class='av_textblock_section av-mo8ki502-1d033bb359317115c296f7db531fa523 '   itemscope=\"itemscope\" itemtype=\"https:\/\/schema.org\/BlogPosting\" itemprop=\"blogPost\" ><div class='avia_textblock'  itemprop=\"text\" ><p><strong>SOUS LA DIRECTION DE :<\/strong><br \/>\n<em>\u00a0 \u00a0 \u00a0 \u00a0 \u00a0 \u00a0 \u00a0 \u00a0 \u00a0 \u00a0 \u00a0 \u00a0 \u00a0 \u00a0 \u00a0 \u00a0 \u00a0 \u00a0 \u00a0 \u00a0 \u00a0 \u00a0 \u00a0 \u00a0 \u00a0 \u00a0 \u00a0 \u00a0 \u00a0Pr ATANGANA AMOUGOU Jean-Louis <\/em><br \/>\n<em>\u00a0 \u00a0 \u00a0 \u00a0 \u00a0 \u00a0 \u00a0 \u00a0 \u00a0 \u00a0 \u00a0 \u00a0 \u00a0 \u00a0 \u00a0 \u00a0 \u00a0 \u00a0 \u00a0 \u00a0 \u00a0 \u00a0 \u00a0 \u00a0 \u00a0 \u00a0 \u00a0 \u00a0 \u00a0Pr AKONO MINLO Ruben<\/em><\/p>\n<p><strong>CONTEXTE ET JUSTIFICATION <\/strong><br \/>\nLa relance et la structuration du secteur minier au Cameroun s\u2019inscrivent dans une dynamique<br \/>\nplus large de transformation \u00e9conomique visant \u00e0 faire des ressources naturelles un levier strat\u00e9gique de croissance et d\u2019industrialisation. Longtemps caract\u00e9ris\u00e9 par une exploitation<br \/>\nartisanale et faiblement encadr\u00e9e, le secteur connait aujourd\u2019hui une mutation profonde,<br \/>\nmarqu\u00e9e par une volont\u00e9 accrue de l\u2019Etat de renforcer la gouvernance, la transparence, et<br \/>\nl\u2019attractivit\u00e9 des investissements miniers.<\/p>\n<p>Dans cette perspective, l\u2019adoption du Code minier de 2023 constitue une \u00e9tape d\u00e9cisive. Ce<br \/>\ntexte consacre une \u00e9volution notable dans l\u2019approche de la gouvernance mini\u00e8re, en int\u00e9grant<br \/>\ndavantage les pr\u00e9occupations li\u00e9es au d\u00e9veloppement local, \u00e0 la transparence dans la gestion<br \/>\ndes revenus et \u00e0 la prise en compte des collectivit\u00e9s territoriales dans le dispositif institutionnel.<br \/>\nIl traduit ainsi une volont\u00e9 de territorialisation de la gestion des ressources mini\u00e8res, en<br \/>\ncoh\u00e9rence avec les principes de la d\u00e9centralisation.<\/p>\n<p>En effet, les Collectivit\u00e9s Territoriales D\u00e9centralis\u00e9es (CTD) apparaissent d\u00e9sormais comme<br \/>\ndes acteurs appel\u00e9s \u00e0 jouer un r\u00f4le plus affirm\u00e9 dans l\u2019encadrement des activit\u00e9s mini\u00e8res,<br \/>\nnotamment en mati\u00e8re de suivi des op\u00e9rations, de participation aux m\u00e9canismes de<br \/>\nredistribution des revenus, ainsi que la gestion des impacts environnementaux et sociaux. Cette<br \/>\n\u00e9volution marque une rupture relative avec les dispositifs ant\u00e9rieurs, caract\u00e9ris\u00e9s par une<br \/>\ncentralisation prononc\u00e9e des comp\u00e9tences et une marginalisation des collectivit\u00e9s locales.<\/p>\n<p>Toutefois, cette reconnaissance normative ne s\u2019accompagne pas n\u00e9cessairement d\u2019une<br \/>\neffectivit\u00e9 pratique. Des interrogations subsistent quant \u00e0 la capacit\u00e9 r\u00e9elle des CTD \u00e0 exercer<br \/>\nles comp\u00e9tences qui leur sont reconnues en raison notamment de contraintes structurelles<br \/>\npersistantes :<br \/>\n\uf0d8 Insuffisance des ressources financi\u00e8res ;<br \/>\n\uf0d8 D\u00e9ficit d\u2019expertise technique ;<br \/>\n\uf0d8 Ambigu\u00eft\u00e9 dans la r\u00e9partition des comp\u00e9tences ;<br \/>\n\uf0d8 Ou encore faiblesse des m\u00e9canismes de coordination avec les administrations centrales<br \/>\net les op\u00e9rateurs miniers.<\/p>\n<p>Par ailleurs, les enjeux li\u00e9s \u00e0 l\u2019exploitation mini\u00e8re, qu\u2019ils soient \u00e9conomiques,<br \/>\nenvironnementaux, ou sociaux se cristallisent au niveau local, pla\u00e7ant les CTD au c\u0153ur des<br \/>\ndynamiques territoriales. D\u00e8s lors, leur implication effective constitue une condition essentielle<br \/>\nd\u2019une gouvernance mini\u00e8re inclusive, durable et apais\u00e9e.<\/p>\n<p>Dans ce contexte, il apparait n\u00e9cessaire d\u2019engager une r\u00e9flexion approfondie sur la port\u00e9e r\u00e9elle<br \/>\ndes innovations introduites par le Code minier de 2023, ainsi que sur les conditions de leur mise<br \/>\nen \u0153uvre. Le pr\u00e9sent webinaire se propose ainsi d\u2019analyser, dans une perspective critique et<br \/>\nprospective, les avanc\u00e9es et les limites de l\u2019implication des CTD dans la gestion des activit\u00e9s<br \/>\nmini\u00e8res, en vue de formuler des recommandations susceptibles de renforcer leur r\u00f4le dans la<br \/>\ngouvernance locale des ressources naturelles.<\/p>\n<p><strong>AXES DE RECHERCHE<\/strong><br \/>\nAxe 1 : Gouvernance locale des activit\u00e9s mini\u00e8res et participation des CTD<br \/>\nAxe 2 : Retomb\u00e9es \u00e9conomiques et d\u00e9veloppement territorial<br \/>\nAxe 3 : Enjeux environnementaux et sociaux de l\u2019exploitation mini\u00e8re<br \/>\nAxe 4 : Effectivit\u00e9 des r\u00e9formes et renforcement des capacit\u00e9s des CTD<br \/>\nAxe 5 : Gouvernance participative et transparence dans le secteur minier<br \/>\nAxe 6 : Cadre juridique et Institutionnel de l\u2019implication des CTD dans le secteur minier<\/p>\n<p><strong>LES MODALITES DE SOUMISSION DES PROPOSITIONS<\/strong><br \/>\nLangues de communication : Fran\u00e7ais et Anglais<br \/>\nLes propositions se pr\u00e9senteront ainsi qu\u2019il suit :<br \/>\nTitre de la communication<br \/>\nNom et pr\u00e9nom de l\u2019auteur<br \/>\nAffiliation institutionnelle<br \/>\nAdresse \u00e9lectronique<br \/>\nR\u00e9sum\u00e9 (250 \u00e0 300mots), caract\u00e8re 12, en Times New Roman, Interligne 1,5<\/p>\n<p><strong>CHRONOGRAMME<\/strong><br \/>\nLancement de l\u2019appel \u00e0 communications : 20 avril 2026<br \/>\nDate limite de soumission des r\u00e9sum\u00e9s : 15 mai 2026<br \/>\nNotification d\u2019acceptation aux auteurs : 10 juin 2026<br \/>\nDate limite de soumission des communications compl\u00e8tes : 10 juillet 2026<br \/>\nTenue du Webinaire : 20 au 22 juillet 2026<br \/>\nTransmission des versions r\u00e9vis\u00e9es apr\u00e8s \u00e9changes : 02 septembre 2026<br \/>\nPublication des actes : novembre 2026<br \/>\nLes propositions des communications sont attendues aux adresses \u00e9lectroniques suivantes :<br \/>\n<em>akonazo@yahoo.fr \/ mbargayves2000@yahoo.fr \/ imperialtjrsmagistral@gmail.com<\/em><\/p>\n<p>Cliquez ici pour t\u00e9l\u00e9charger <a href=\"https:\/\/site.univ-yaounde2.org\/wp-content\/uploads\/2026\/04\/APPEL-A-CANDIDATURE-WEBINAIRE.pdf\">APPEL A CANDIDATURE WEBINAIRE<\/a><\/p>\n<\/div><\/section><\/div>\n","protected":false},"excerpt":{"rendered":"","protected":false},"author":1,"featured_media":5833,"comment_status":"closed","ping_status":"closed","sticky":false,"template":"","format":"standard","meta":{"footnotes":""},"categories":[27],"tags":[],"class_list":["post-5827","post","type-post","status-publish","format-standard","has-post-thumbnail","hentry","category-actualites"],"_links":{"self":[{"href":"https:\/\/site.univ-yaounde2.org\/index.php\/wp-json\/wp\/v2\/posts\/5827","targetHints":{"allow":["GET"]}}],"collection":[{"href":"https:\/\/site.univ-yaounde2.org\/index.php\/wp-json\/wp\/v2\/posts"}],"about":[{"href":"https:\/\/site.univ-yaounde2.org\/index.php\/wp-json\/wp\/v2\/types\/post"}],"author":[{"embeddable":true,"href":"https:\/\/site.univ-yaounde2.org\/index.php\/wp-json\/wp\/v2\/users\/1"}],"replies":[{"embeddable":true,"href":"https:\/\/site.univ-yaounde2.org\/index.php\/wp-json\/wp\/v2\/comments?post=5827"}],"version-history":[{"count":3,"href":"https:\/\/site.univ-yaounde2.org\/index.php\/wp-json\/wp\/v2\/posts\/5827\/revisions"}],"predecessor-version":[{"id":5831,"href":"https:\/\/site.univ-yaounde2.org\/index.php\/wp-json\/wp\/v2\/posts\/5827\/revisions\/5831"}],"wp:featuredmedia":[{"embeddable":true,"href":"https:\/\/site.univ-yaounde2.org\/index.php\/wp-json\/wp\/v2\/media\/5833"}],"wp:attachment":[{"href":"https:\/\/site.univ-yaounde2.org\/index.php\/wp-json\/wp\/v2\/media?parent=5827"}],"wp:term":[{"taxonomy":"category","embeddable":true,"href":"https:\/\/site.univ-yaounde2.org\/index.php\/wp-json\/wp\/v2\/categories?post=5827"},{"taxonomy":"post_tag","embeddable":true,"href":"https:\/\/site.univ-yaounde2.org\/index.php\/wp-json\/wp\/v2\/tags?post=5827"}],"curies":[{"name":"wp","href":"https:\/\/api.w.org\/{rel}","templated":true}]}}